{"id":1,"date":"2022-11-10T17:00:07","date_gmt":"2022-11-10T17:00:07","guid":{"rendered":"https:\/\/observatorioia.fcsh.unl.pt\/?p=1"},"modified":"2025-09-29T18:10:59","modified_gmt":"2025-09-29T18:10:59","slug":"ola-mundo","status":"publish","type":"post","link":"https:\/\/observatorioia.fcsh.unl.pt\/?p=1","title":{"rendered":"Primeiro Ato"},"content":{"rendered":"\n<figure class=\"wp-block-image size-large is-style-default\"><img loading=\"lazy\" decoding=\"async\" width=\"1024\" height=\"613\" src=\"https:\/\/observatorioia.fcsh.unl.pt\/wp-content\/uploads\/2024\/10\/cropped-WhatsApp-Image-2024-10-10-at-3.41.51-PM-scaled-1-1024x613.jpeg\" alt=\"\" class=\"wp-image-119\" srcset=\"https:\/\/observatorioia.fcsh.unl.pt\/wp-content\/uploads\/2024\/10\/cropped-WhatsApp-Image-2024-10-10-at-3.41.51-PM-scaled-1-1024x613.jpeg 1024w, https:\/\/observatorioia.fcsh.unl.pt\/wp-content\/uploads\/2024\/10\/cropped-WhatsApp-Image-2024-10-10-at-3.41.51-PM-scaled-1-300x180.jpeg 300w, https:\/\/observatorioia.fcsh.unl.pt\/wp-content\/uploads\/2024\/10\/cropped-WhatsApp-Image-2024-10-10-at-3.41.51-PM-scaled-1-768x460.jpeg 768w, https:\/\/observatorioia.fcsh.unl.pt\/wp-content\/uploads\/2024\/10\/cropped-WhatsApp-Image-2024-10-10-at-3.41.51-PM-scaled-1-1536x920.jpeg 1536w, https:\/\/observatorioia.fcsh.unl.pt\/wp-content\/uploads\/2024\/10\/cropped-WhatsApp-Image-2024-10-10-at-3.41.51-PM-scaled-1.jpeg 2000w\" sizes=\"auto, (max-width: 1024px) 100vw, 1024px\" \/><\/figure>\n\n\n\n<p>O&nbsp;Observat\u00f3rio&nbsp;Social para a Intelig\u00eancia Artificial e Dados Digitais \u00e9 uma iniciativa inovadora e estrat\u00e9gica que tem como miss\u00e3o monitorizar, avaliar e promover o uso \u00e9tico e respons\u00e1vel da Intelig\u00eancia Artificial (IA) e da gest\u00e3o de dados digitais, com especial foco na realidade portuguesa. Diante do impacto crescente destas tecnologias em todas as esferas da sociedade e da economia, o&nbsp;Observat\u00f3rio&nbsp;tem como objetivo assegurar que os avan\u00e7os tecnol\u00f3gicos beneficiem a sociedade de forma justa, respeitando os direitos fundamentais, promovendo a inclus\u00e3o e incentivando o desenvolvimento sustent\u00e1vel.<\/p>\n\n\n\n<p>Um dos nossos principais objetivos \u00e9 monitorizar o impacto da IA na sociedade portuguesa em m\u00faltiplos sectores, incluindo a sa\u00fade, a educa\u00e7\u00e3o, a justi\u00e7a, os servi\u00e7os p\u00fablicos e o setor privado. Esta monitoriza\u00e7\u00e3o permite identificar tanto as melhores pr\u00e1ticas como os riscos associados \u00e0 utiliza\u00e7\u00e3o destas tecnologias, garantindo que a sua implementa\u00e7\u00e3o seja transparente, respons\u00e1vel e em benef\u00edcio de todos os cidad\u00e3os.<\/p>\n\n\n\n<p>Para al\u00e9m do acompanhamento cont\u00ednuo, o&nbsp;Observat\u00f3rio&nbsp;organiza eventos, confer\u00eancias e debates que re\u00fanem especialistas, acad\u00e9micos, decisores pol\u00edticos e o p\u00fablico em geral, com o intuito de promover o di\u00e1logo e o interc\u00e2mbio de conhecimentos sobre IA e dados digitais. Estes eventos s\u00e3o complementados por publica\u00e7\u00f5es regulares de relat\u00f3rios, estudos e guias pr\u00e1ticos, que t\u00eam como objetivo aumentar a literacia tecnol\u00f3gica e sensibilizar a sociedade para os desafios e oportunidades das tecnologias emergentes.<\/p>\n\n\n\n<p>O&nbsp;Observat\u00f3rio&nbsp;compromete-se tamb\u00e9m a promover a \u00e9tica e a prote\u00e7\u00e3o dos direitos humanos no desenvolvimento de solu\u00e7\u00f5es de IA, assegurando que estas respeitem a privacidade, promovam a equidade e combatam qualquer forma de discrimina\u00e7\u00e3o. Simultaneamente, incentivamos a inova\u00e7\u00e3o respons\u00e1vel, apoiando a cria\u00e7\u00e3o de solu\u00e7\u00f5es tecnol\u00f3gicas que respondam a necessidades sociais concretas e contribuam para a inclus\u00e3o digital e a redu\u00e7\u00e3o das desigualdades.<\/p>\n\n\n\n<p>A educa\u00e7\u00e3o e a capacita\u00e7\u00e3o s\u00e3o igualmente pilares fundamentais do nosso trabalho. Atrav\u00e9s de programas formativos e iniciativas educativas, o&nbsp;Observat\u00f3rio&nbsp;pretende preparar os profissionais, decisores e o p\u00fablico em geral para uma utiliza\u00e7\u00e3o consciente e informada das novas tecnologias. Ao desenvolver compet\u00eancias e sensibilizar a sociedade, o&nbsp;Observat\u00f3rio&nbsp;contribui para a constru\u00e7\u00e3o de uma cultura de literacia digital em Portugal.<\/p>\n\n\n\n<p>Por fim, o&nbsp;Observat\u00f3rio&nbsp;assume-se como um centro de produ\u00e7\u00e3o de conhecimento, conduzindo pesquisas e estudos que orientam pol\u00edticas p\u00fablicas e pr\u00e1ticas empresariais. O nosso trabalho visa apoiar a cria\u00e7\u00e3o de um ambiente regulat\u00f3rio robusto, seguro e alinhado com os valores democr\u00e1ticos, contribuindo para o desenvolvimento sustent\u00e1vel e equitativo da sociedade portuguesa na era digital.<\/p>\n","protected":false},"excerpt":{"rendered":"<p>O&nbsp;Observat\u00f3rio&nbsp;Social para a Intelig\u00eancia Artificial e Dados Digitais \u00e9 uma iniciativa inovadora e estrat\u00e9gica que tem como miss\u00e3o monitorizar, avaliar e promover o uso \u00e9tico e respons\u00e1vel da Intelig\u00eancia Artificial (IA) e da gest\u00e3o de dados digitais, com especial foco na realidade portuguesa. Diante do impacto crescente destas tecnologias em todas as esferas da sociedade [&hellip;]<\/p>\n","protected":false},"author":1,"featured_media":122,"comment_status":"open","ping_status":"open","sticky":false,"template":"","format":"standard","meta":{"footnotes":""},"categories":[5],"tags":[],"class_list":["post-1","post","type-post","status-publish","format-standard","has-post-thumbnail","hentry","category-eventos"],"_links":{"self":[{"href":"https:\/\/observatorioia.fcsh.unl.pt\/index.php?rest_route=\/wp\/v2\/posts\/1","targetHints":{"allow":["GET"]}}],"collection":[{"href":"https:\/\/observatorioia.fcsh.unl.pt\/index.php?rest_route=\/wp\/v2\/posts"}],"about":[{"href":"https:\/\/observatorioia.fcsh.unl.pt\/index.php?rest_route=\/wp\/v2\/types\/post"}],"author":[{"embeddable":true,"href":"https:\/\/observatorioia.fcsh.unl.pt\/index.php?rest_route=\/wp\/v2\/users\/1"}],"replies":[{"embeddable":true,"href":"https:\/\/observatorioia.fcsh.unl.pt\/index.php?rest_route=%2Fwp%2Fv2%2Fcomments&post=1"}],"version-history":[{"count":2,"href":"https:\/\/observatorioia.fcsh.unl.pt\/index.php?rest_route=\/wp\/v2\/posts\/1\/revisions"}],"predecessor-version":[{"id":130,"href":"https:\/\/observatorioia.fcsh.unl.pt\/index.php?rest_route=\/wp\/v2\/posts\/1\/revisions\/130"}],"wp:featuredmedia":[{"embeddable":true,"href":"https:\/\/observatorioia.fcsh.unl.pt\/index.php?rest_route=\/wp\/v2\/media\/122"}],"wp:attachment":[{"href":"https:\/\/observatorioia.fcsh.unl.pt\/index.php?rest_route=%2Fwp%2Fv2%2Fmedia&parent=1"}],"wp:term":[{"taxonomy":"category","embeddable":true,"href":"https:\/\/observatorioia.fcsh.unl.pt\/index.php?rest_route=%2Fwp%2Fv2%2Fcategories&post=1"},{"taxonomy":"post_tag","embeddable":true,"href":"https:\/\/observatorioia.fcsh.unl.pt\/index.php?rest_route=%2Fwp%2Fv2%2Ftags&post=1"}],"curies":[{"name":"wp","href":"https:\/\/api.w.org\/{rel}","templated":true}]}}